{"content":"<div class=\"row inline-row\">\r\n                <div class=\"col-md-6 col-xs-12 inline-col feed-item\">\r\n            <div class=\"clearfix\">\r\n        <div class=\"img\">\r\n            <a  href=\"https:\/\/kemkik.hu\/hirek\/demjan-sandor-program-minden-vallalkozasnak-legyen-sajat-honlapja-program\" tabindex=\"-1\">\r\n                <img class=\"img-responsive img-center\" src=\"\/uploads\/feed_items\/small-demjan-banner-1920x1080-17467053378974.jpg\" alt=\"Demj\u00e1n S\u00e1ndor Program: Minden v\u00e1llalkoz\u00e1snak legyen saj\u00e1t honlapja program\">\r\n            <\/a>\r\n        <\/div>\r\n        <div class=\"info\">\r\n            <div class=\"title\"><a  href=\"https:\/\/kemkik.hu\/hirek\/demjan-sandor-program-minden-vallalkozasnak-legyen-sajat-honlapja-program\">Demj\u00e1n S\u00e1ndor Program: Minden v\u00e1llalkoz\u00e1snak legyen saj\u00e1t honlapja program<\/a><\/div>\r\n                            <ul class=\"categories\">\r\n                                            <li><a style=\"background: #305f31; color: #ffffff\" href=\"https:\/\/kemkik.hu\/hirek\/kemkik-hirek\">KEMKIK h\u00edrek<\/a><\/li>\r\n                                        <li><span class=\"public-at\">2025. m\u00e1jus 08.<\/span><\/li>\r\n                <\/ul>\r\n                        <div class=\"desc\"><p style=\"text-align:justify\">A&nbsp;<strong>\u201eMinden v\u00e1llalkoz\u00e1snak legyen saj\u00e1t honlapja\u201d Program<\/strong>&nbsp;egy utalv\u00e1nyrendszer\u0171 program, amely 9 milli\u00e1rd forint keret\u00f6sszegb\u0151l t\u00e1mogatja a KKV-szektor weboldal fejleszt\u00e9seit, meger\u0151s\u00edtve ez\u00e1ltal online jelenl\u00e9t\u00fcket \u00e9s e-kereskedelmi tev\u00e9kenys\u00e9g\u00fcket.&nbsp;<\/p><\/div>\r\n        <\/div>\r\n    <\/div>\r\n        <\/div>\r\n            <div class=\"col-md-6 col-xs-12 inline-col feed-item\">\r\n            <div class=\"clearfix\">\r\n        <div class=\"img\">\r\n            <a  href=\"https:\/\/kemkik.hu\/hirek\/rendorok-2024-evi-munkajat-ismerte-el-a-kamara\" tabindex=\"-1\">\r\n                <img class=\"img-responsive img-center\" src=\"\/uploads\/feed_items\/small-9490492ed8bd47f28809eee55d8fa7d7-nagyobb-1746440004406.jpg\" alt=\"Rend\u0151r\u00f6k 2024-\u00e9vi munk\u00e1j\u00e1t ismerte el a kamara\">\r\n            <\/a>\r\n        <\/div>\r\n        <div class=\"info\">\r\n            <div class=\"title\"><a  href=\"https:\/\/kemkik.hu\/hirek\/rendorok-2024-evi-munkajat-ismerte-el-a-kamara\">Rend\u0151r\u00f6k 2024-\u00e9vi munk\u00e1j\u00e1t ismerte el a kamara<\/a><\/div>\r\n                            <ul class=\"categories\">\r\n                                            <li><a style=\"background: #305f31; color: #ffffff\" href=\"https:\/\/kemkik.hu\/hirek\/kemkik-hirek\">KEMKIK h\u00edrek<\/a><\/li>\r\n                                        <li><span class=\"public-at\">2025. m\u00e1jus 05.<\/span><\/li>\r\n                <\/ul>\r\n                        <div class=\"desc\"><p style=\"text-align:justify\">A Kom\u00e1rom-Esztergom V\u00e1rmegyei Kereskedelmi \u00e9s Iparkamara a Rend\u0151rs\u00e9g Napja alkalm\u00e1b\u00f3l az \u00fcnnepi \u00e1llom\u00e1nygy\u0171l\u00e9sen a p\u00e9lda\u00e9rt\u00e9k\u0171 egy\u00fcttm\u0171k\u00f6d\u00e9s\u00e9rt \u00e9s k\u00f6z\u00f6s munk\u00e1\u00e9rt elismer\u00e9sben r\u00e9szes\u00edtette <strong>Rohonczi Tam\u00e1s<\/strong> c\u00edmzetes r. alezredest a Rend\u00e9szeti Igazgat\u00f3s\u00e1g K\u00f6zrendv\u00e9delmi \u00e9s Hat\u00e1rrend\u00e9szeti Oszt\u00e1ly kiemelt f\u0151el\u0151ad\u00f3j\u00e1t, valamint <strong>Jancsekity Zolt\u00e1n<\/strong> r. hadnagyot a Tatab\u00e1nyai Rend\u0151rkapit\u00e1nys\u00e1g K\u00f6rzeti Megb\u00edzotti Aloszt\u00e1ly megb\u00edzott vezet\u0151j\u00e9t.&nbsp;<\/p><\/div>\r\n        <\/div>\r\n    <\/div>\r\n        <\/div>\r\n            <div class=\"col-md-6 col-xs-12 inline-col feed-item\">\r\n            <div class=\"clearfix\">\r\n        <div class=\"img\">\r\n            <a  href=\"https:\/\/kemkik.hu\/hirek\/21-ev-az-eu-ban-21-km-komarom-esztergom-varmegyeben-nyeremenyjatek\" tabindex=\"-1\">\r\n                <img class=\"img-responsive img-center\" src=\"\/uploads\/feed_items\/small-jogging-1920-17150007080029.jpg\" alt=\"21 \u00e9v az EU-ban- 21 km Kom\u00e1rom-Esztergom v\u00e1rmegy\u00e9ben - nyerem\u00e9nyj\u00e1t\u00e9k\">\r\n            <\/a>\r\n        <\/div>\r\n        <div class=\"info\">\r\n            <div class=\"title\"><a  href=\"https:\/\/kemkik.hu\/hirek\/21-ev-az-eu-ban-21-km-komarom-esztergom-varmegyeben-nyeremenyjatek\">21 \u00e9v az EU-ban- 21 km Kom\u00e1rom-Esztergom v\u00e1rmegy\u00e9ben - nyerem\u00e9nyj\u00e1t\u00e9k<\/a><\/div>\r\n                            <ul class=\"categories\">\r\n                                            <li><a style=\"background: #415d19; color: #ffffff\" href=\"https:\/\/kemkik.hu\/hirek\/europe-direct-hirek\">Europe Direct h\u00edrek<\/a><\/li>\r\n                                        <li><span class=\"public-at\">2025. m\u00e1jus 01.<\/span><\/li>\r\n                <\/ul>\r\n                        <div class=\"desc\"><p style=\"text-align:justify\">Magyarorsz\u00e1g eur\u00f3pai uni\u00f3s csatlakoz\u00e1s\u00e1nak 21&nbsp;\u00e9ves \u00e9vfordul\u00f3ja alkalm\u00e1b\u00f3l az Eur\u00f3pai Bizotts\u00e1g Magyarorsz\u00e1gi K\u00e9pviselete \u00e9s a magyar Europe Direct h\u00e1l\u00f3zat nyerem\u00e9nyj\u00e1t\u00e9kot hirdet 2025. m\u00e1jus 1-31. k\u00f6z\u00f6tt,&nbsp;amelyben sportol\u00e1sra buzd\u00edtja a r\u00e9sztvev\u0151ket.<\/p><\/div>\r\n        <\/div>\r\n    <\/div>\r\n        <\/div>\r\n            <div class=\"col-md-6 col-xs-12 inline-col feed-item\">\r\n            <div class=\"clearfix\">\r\n        <div class=\"img\">\r\n            <a  href=\"https:\/\/kemkik.hu\/hirek\/minden-vallalkozasnak-legyen-sajat-honlapja-tatabanya\" tabindex=\"-1\">\r\n                <img class=\"img-responsive img-center\" src=\"\/uploads\/feed_items\/small-dsp-tatabanya-esemeny-banner2-nagyobb-17460177639904.jpg\" alt=\"Minden v\u00e1llalkoz\u00e1snak legyen saj\u00e1t honlapja \u2013 Tatab\u00e1nya\">\r\n            <\/a>\r\n        <\/div>\r\n        <div class=\"info\">\r\n            <div class=\"title\"><a  href=\"https:\/\/kemkik.hu\/hirek\/minden-vallalkozasnak-legyen-sajat-honlapja-tatabanya\">Minden v\u00e1llalkoz\u00e1snak legyen saj\u00e1t honlapja \u2013 Tatab\u00e1nya<\/a><\/div>\r\n                            <ul class=\"categories\">\r\n                                            <li><a style=\"background: #475732; color: #ffffff\" href=\"https:\/\/kemkik.hu\/hirek\/rendezvenyek\">Rendezv\u00e9nyek<\/a><\/li>\r\n                                            <li><a style=\"background: #305f31; color: #ffffff\" href=\"https:\/\/kemkik.hu\/hirek\/kemkik-hirek\">KEMKIK h\u00edrek<\/a><\/li>\r\n                                        <li><span class=\"public-at\">2025. \u00e1prilis 30.<\/span><\/li>\r\n                <\/ul>\r\n                        <div class=\"desc\"><p style=\"text-align:justify\">A Neumann J\u00e1nos Nonprofit K\u00f6zhaszn\u00fa Kft. \u2013 Neumann Technol\u00f3giai Platform \u201eMinden v\u00e1llalkoz\u00e1snak legyen saj\u00e1t honlapja\u201c szakmai esem\u00e9ny keret\u00e9ben megh\u00edvja \u00d6nt az al\u00e1bbi rendezv\u00e9nyre, amelynek t\u00e1rgya a \u201eMinden v\u00e1llalkoz\u00e1snak legyen saj\u00e1t honlapja\u201c program, tov\u00e1bb\u00e1 t\u00f6bbek k\u00f6z\u00f6tt a KKV-k digitaliz\u00e1ci\u00f3j\u00e1nak fejleszt\u00e9si lehet\u0151s\u00e9gei \u00e9s a v\u00e1llalkoz\u00e1sok digit\u00e1lis jelenl\u00e9t\u00e9nek t\u00e1mogat\u00e1sa.&nbsp;&nbsp;<\/p><\/div>\r\n        <\/div>\r\n    <\/div>\r\n        <\/div>\r\n            <div class=\"col-md-6 col-xs-12 inline-col feed-item\">\r\n            <div class=\"clearfix\">\r\n        <div class=\"img\">\r\n            <a  href=\"https:\/\/kemkik.hu\/hirek\/letrehozasa-utan-40-evvel-a-schengeni-rendszer-tovabbra-is-kezzelfoghato-elonyoket-nyujt-az-europaiaknak\" tabindex=\"-1\">\r\n                <img class=\"img-responsive img-center\" src=\"\/uploads\/feed_items\/small-p065958-17506829948898.jpg\" alt=\"L\u00e9trehoz\u00e1sa ut\u00e1n 40 \u00e9vvel a schengeni rendszer tov\u00e1bbra is k\u00e9zzelfoghat\u00f3 el\u0151ny\u00f6ket ny\u00fajt az eur\u00f3paiaknak\">\r\n            <\/a>\r\n        <\/div>\r\n        <div class=\"info\">\r\n            <div class=\"title\"><a  href=\"https:\/\/kemkik.hu\/hirek\/letrehozasa-utan-40-evvel-a-schengeni-rendszer-tovabbra-is-kezzelfoghato-elonyoket-nyujt-az-europaiaknak\">L\u00e9trehoz\u00e1sa ut\u00e1n 40 \u00e9vvel a schengeni rendszer tov\u00e1bbra is k\u00e9zzelfoghat\u00f3 el\u0151ny\u00f6ket ny\u00fajt az eur\u00f3paiaknak<\/a><\/div>\r\n                            <ul class=\"categories\">\r\n                                            <li><a style=\"background: #415d19; color: #ffffff\" href=\"https:\/\/kemkik.hu\/hirek\/europe-direct-hirek\">Europe Direct h\u00edrek<\/a><\/li>\r\n                                        <li><span class=\"public-at\">2025. \u00e1prilis 30.<\/span><\/li>\r\n                <\/ul>\r\n                        <div class=\"desc\"><p style=\"text-align:justify\">A Bizotts\u00e1g k\u00f6zz\u00e9tette a kerek 40 \u00e9ve l\u00e9trehozott schengeni t\u00e9rs\u00e9g helyzet\u00e9r\u0151l sz\u00f3l\u00f3 \u00e9ves jelent\u00e9s\u00e9t, mely \u00e1ttekinti az elm\u00falt \u00e9vben el\u00e9rt eredm\u00e9nyeket, a leg\u00fajabb fejlem\u00e9nyeket \u00e9s a t\u00e9rs\u00e9g el\u0151tt \u00e1ll\u00f3 kih\u00edv\u00e1sokat.<\/p><\/div>\r\n        <\/div>\r\n    <\/div>\r\n        <\/div>\r\n            <div class=\"col-md-6 col-xs-12 inline-col feed-item\">\r\n            <div class=\"clearfix\">\r\n        <div class=\"img\">\r\n            <a  href=\"https:\/\/kemkik.hu\/hirek\/i-komarom-esztergom-varmegyei-kezmuves-mustra\" tabindex=\"-1\">\r\n                <img class=\"img-responsive img-center\" src=\"\/uploads\/feed_items\/small-kezmuves-mustra-roll-up-copy-17458252709223.jpg\" alt=\"I. Kom\u00e1rom-Esztergom V\u00e1rmegyei K\u00e9zm\u0171ves Mustra\">\r\n            <\/a>\r\n        <\/div>\r\n        <div class=\"info\">\r\n            <div class=\"title\"><a  href=\"https:\/\/kemkik.hu\/hirek\/i-komarom-esztergom-varmegyei-kezmuves-mustra\">I. Kom\u00e1rom-Esztergom V\u00e1rmegyei K\u00e9zm\u0171ves Mustra<\/a><\/div>\r\n                            <ul class=\"categories\">\r\n                                            <li><a style=\"background: #475732; color: #ffffff\" href=\"https:\/\/kemkik.hu\/hirek\/rendezvenyek\">Rendezv\u00e9nyek<\/a><\/li>\r\n                                            <li><a style=\"background: #305f31; color: #ffffff\" href=\"https:\/\/kemkik.hu\/hirek\/kemkik-hirek\">KEMKIK h\u00edrek<\/a><\/li>\r\n                                        <li><span class=\"public-at\">2025. \u00e1prilis 24.<\/span><\/li>\r\n                <\/ul>\r\n                        <div class=\"desc\"><p style=\"text-align:justify\">A Kom\u00e1rom-Esztergom V\u00e1rmegyei Kereskedelmi \u00e9s Iparkamara az Akkor \u00e9s Most ki\u00e1ll\u00edt\u00e1s szervez\u0151inek seg\u00edts\u00e9g\u00e9vel \u00e9letre h\u00edvta a Kom\u00e1rom-Esztergom V\u00e1rmegyei K\u00e9zm\u0171ves Mustr\u00e1t, melynek c\u00e9lja, hogy a v\u00e1rmegyei k\u00e9zm\u0171vesek \u00e9ves rendszeress\u00e9ggel bemutatkoz\u00e1si lehet\u0151s\u00e9get kapjanak.<\/p><\/div>\r\n        <\/div>\r\n    <\/div>\r\n        <\/div>\r\n            <div class=\"col-md-6 col-xs-12 inline-col feed-item\">\r\n            <div class=\"clearfix\">\r\n        <div class=\"img\">\r\n            <a  href=\"https:\/\/kemkik.hu\/hirek\/vegyen-reszt-kutatasunkban-indul-az-mkik-gvi-2025-tavaszi-online-konjunktura-felvetele\" tabindex=\"-1\">\r\n                <img class=\"img-responsive img-center\" src=\"\/uploads\/feed_items\/small-coins-1280-17447168695707.jpg\" alt=\"Vegyen r\u00e9szt kutat\u00e1sunkban: Indul az MKIK GVI 2025. tavaszi online konjunkt\u00fara felv\u00e9tele\">\r\n            <\/a>\r\n        <\/div>\r\n        <div class=\"info\">\r\n            <div class=\"title\"><a  href=\"https:\/\/kemkik.hu\/hirek\/vegyen-reszt-kutatasunkban-indul-az-mkik-gvi-2025-tavaszi-online-konjunktura-felvetele\">Vegyen r\u00e9szt kutat\u00e1sunkban: Indul az MKIK GVI 2025. tavaszi online konjunkt\u00fara felv\u00e9tele<\/a><\/div>\r\n                            <ul class=\"categories\">\r\n                                            <li><a style=\"background: #305f31; color: #ffffff\" href=\"https:\/\/kemkik.hu\/hirek\/kemkik-hirek\">KEMKIK h\u00edrek<\/a><\/li>\r\n                                            <li><a style=\"background: #535667; color: #ffffff\" href=\"https:\/\/kemkik.hu\/hirek\/gazdasag\">Gazdas\u00e1g<\/a><\/li>\r\n                                        <li><span class=\"public-at\">2025. \u00e1prilis 15.<\/span><\/li>\r\n                <\/ul>\r\n                        <div class=\"desc\"><p style=\"text-align:justify\">A Magyar Kereskedelmi \u00e9s Iparkamara Gazdas\u00e1g- \u00e9s V\u00e1llalkoz\u00e1skutat\u00f3 Nonprofit Kft. rendszeresen konjunkt\u00fara kutat\u00e1s kereteiben felm\u00e9ri a magyar v\u00e1llalkoz\u00e1sok \u00fczleti helyzet\u00e9t \u00e9s v\u00e1rakoz\u00e1sait. K\u00e9rj\u00fck,&nbsp;seg\u00edtse el\u0151 azt, hogy sikeresen folytathassuk az 1998 \u00f3ta foly\u00f3 kutat\u00e1sunkat, \u00e9s v\u00e1laszolja meg k\u00e9rd\u0151\u00edv\u00fcnket!&nbsp;<\/p><\/div>\r\n        <\/div>\r\n    <\/div>\r\n        <\/div>\r\n            <div class=\"col-md-6 col-xs-12 inline-col feed-item\">\r\n            <div class=\"clearfix\">\r\n        <div class=\"img\">\r\n            <a  href=\"https:\/\/kemkik.hu\/hirek\/nemek-kozotti-egyenloseg-nincs-nagy-attores-itthon\" tabindex=\"-1\">\r\n                <img class=\"img-responsive img-center\" src=\"\/uploads\/feed_items\/small-egyenloseg-istock-17568153040813.jpg\" alt=\"Nemek k\u00f6z\u00f6tti egyenl\u0151s\u00e9g: nincs nagy \u00e1tt\u00f6r\u00e9s itthon\">\r\n            <\/a>\r\n        <\/div>\r\n        <div class=\"info\">\r\n            <div class=\"title\"><a  href=\"https:\/\/kemkik.hu\/hirek\/nemek-kozotti-egyenloseg-nincs-nagy-attores-itthon\">Nemek k\u00f6z\u00f6tti egyenl\u0151s\u00e9g: nincs nagy \u00e1tt\u00f6r\u00e9s itthon<\/a><\/div>\r\n                            <ul class=\"categories\">\r\n                                            <li><a style=\"background: #415d19; color: #ffffff\" href=\"https:\/\/kemkik.hu\/hirek\/europe-direct-hirek\">Europe Direct h\u00edrek<\/a><\/li>\r\n                                        <li><span class=\"public-at\">2025. \u00e1prilis 14.<\/span><\/li>\r\n                <\/ul>\r\n                        <div class=\"desc\"><p style=\"text-align:justify\">Magyarorsz\u00e1g nem \u00e1ll j\u00f3l a nemek k\u00f6z\u00f6tti egyenl\u0151s\u00e9get tekintve \u2013 der\u00fcl ki a Nemek K\u00f6z\u00f6tti Egyenl\u0151s\u00e9g Eur\u00f3pai Int\u00e9zete (EIGE) felm\u00e9r\u00e9s\u00e9b\u0151l. A tavalyi adatok szerint \u2013 hasonl\u00f3an a kor\u00e1bbi \u00e9vekhez \u2013 Magyarorsz\u00e1g az utols\u00f3 el\u0151tti helyen szerepel. L\u00e1ssuk a r\u00e9szleteket!<\/p><\/div>\r\n        <\/div>\r\n    <\/div>\r\n        <\/div>\r\n    <\/div>\r\n\r\n<ul class=\"pagination text-center\">\r\n                    <li class=\"left\"><a aria-label=\"El\u0151z\u0151\" href=\"https:\/\/kemkik.hu\/api\/feeds\/page?page=17\" rel=\"nofollow\"><i aria-hidden=\"true\" class=\"icon icon-arrow-flat-left\"><\/i><\/a><\/li>\r\n        \r\n                    \r\n                                                                        <li><a href=\"https:\/\/kemkik.hu\/api\/feeds\/page?page=1\" rel=\"nofollow\" aria-label=\"1. oldal bet\u00f6lt\u00e9se\">01<\/a><\/li>\r\n                                                                                <li><a href=\"https:\/\/kemkik.hu\/api\/feeds\/page?page=2\" rel=\"nofollow\" aria-label=\"2. oldal bet\u00f6lt\u00e9se\">02<\/a><\/li>\r\n                                                                                    <li class=\"disabled\"><span>...<\/span><\/li>\r\n            \r\n                                \r\n                                                                        <li><a href=\"https:\/\/kemkik.hu\/api\/feeds\/page?page=15\" rel=\"nofollow\" aria-label=\"15. oldal bet\u00f6lt\u00e9se\">15<\/a><\/li>\r\n                                                                                <li><a href=\"https:\/\/kemkik.hu\/api\/feeds\/page?page=16\" rel=\"nofollow\" aria-label=\"16. oldal bet\u00f6lt\u00e9se\">16<\/a><\/li>\r\n                                                                                <li><a href=\"https:\/\/kemkik.hu\/api\/feeds\/page?page=17\" rel=\"nofollow\" aria-label=\"17. oldal bet\u00f6lt\u00e9se\">17<\/a><\/li>\r\n                                                                                <li class=\"active\" aria-label=\"18. oldal bet\u00f6lt\u00e9se\"><span>18<\/span><\/li>\r\n                                                                                <li><a href=\"https:\/\/kemkik.hu\/api\/feeds\/page?page=19\" rel=\"nofollow\" aria-label=\"19. oldal bet\u00f6lt\u00e9se\">19<\/a><\/li>\r\n                                                                                <li><a href=\"https:\/\/kemkik.hu\/api\/feeds\/page?page=20\" rel=\"nofollow\" aria-label=\"20. oldal bet\u00f6lt\u00e9se\">20<\/a><\/li>\r\n                                                                                <li><a href=\"https:\/\/kemkik.hu\/api\/feeds\/page?page=21\" rel=\"nofollow\" aria-label=\"21. oldal bet\u00f6lt\u00e9se\">21<\/a><\/li>\r\n                                                                                    <li class=\"disabled\"><span>...<\/span><\/li>\r\n            \r\n                                \r\n                                                                        <li><a href=\"https:\/\/kemkik.hu\/api\/feeds\/page?page=94\" rel=\"nofollow\" aria-label=\"94. oldal bet\u00f6lt\u00e9se\">94<\/a><\/li>\r\n                                                                                <li><a href=\"https:\/\/kemkik.hu\/api\/feeds\/page?page=95\" rel=\"nofollow\" aria-label=\"95. oldal bet\u00f6lt\u00e9se\">95<\/a><\/li>\r\n                                                        \r\n                    <li class=\"right\"><a aria-label=\"K\u00f6vetkez\u0151\" href=\"https:\/\/kemkik.hu\/api\/feeds\/page?page=19\" rel=\"nofollow\"><i aria-hidden=\"true\" class=\"icon icon-arrow-flat-right\"><\/i><\/a><\/li>\r\n            <\/ul>\r\n\r\n","page":"18"}