{"content":"<div class=\"row inline-row\">\r\n                <div class=\"col-md-6 col-xs-12 inline-col feed-item\">\r\n            <div class=\"clearfix\">\r\n        <div class=\"img\">\r\n            <a  href=\"https:\/\/kemkik.hu\/hirek\/100-vissza-nem-teritendo-tamogatas-a-hazai-innovaciok-levedetesere\" tabindex=\"-1\">\r\n                <img class=\"img-responsive img-center\" src=\"\/uploads\/feed_items\/small-creativity-1920-17443695591231.jpg\" alt=\"100% vissza nem t\u00e9r\u00edtend\u0151 t\u00e1mogat\u00e1s a hazai innov\u00e1ci\u00f3k lev\u00e9det\u00e9s\u00e9re\">\r\n            <\/a>\r\n        <\/div>\r\n        <div class=\"info\">\r\n            <div class=\"title\"><a  href=\"https:\/\/kemkik.hu\/hirek\/100-vissza-nem-teritendo-tamogatas-a-hazai-innovaciok-levedetesere\">100% vissza nem t\u00e9r\u00edtend\u0151 t\u00e1mogat\u00e1s a hazai innov\u00e1ci\u00f3k lev\u00e9det\u00e9s\u00e9re<\/a><\/div>\r\n                            <ul class=\"categories\">\r\n                                            <li><a style=\"background: #117391; color: #ffffff\" href=\"https:\/\/kemkik.hu\/hirek\/innovacios-hirek\">Innov\u00e1ci\u00f3s h\u00edrek<\/a><\/li>\r\n                                        <li><span class=\"public-at\">2025. \u00e1prilis 11.<\/span><\/li>\r\n                <\/ul>\r\n                        <div class=\"desc\"><p style=\"text-align:justify\">A Nemzeti Kutat\u00e1si, Fejleszt\u00e9si \u00e9s Innov\u00e1ci\u00f3s Hivatal (NKFI Hivatal) id\u00e9n is meghirdeti nagysiker\u0171 p\u00e1ly\u00e1zat\u00e1t, amely hazai v\u00e1llalkoz\u00e1sok, kutat\u00f3helyek, valamint mag\u00e1nszem\u00e9lyek sz\u00e1m\u00e1ra ny\u00fajt ak\u00e1r 7,5 milli\u00f3 forint vissza nem t\u00e9r\u00edtend\u0151 t\u00e1mogat\u00e1st szellemi alkot\u00e1saik jogi v\u00e9delm\u00e9hez.&nbsp;<\/p><\/div>\r\n        <\/div>\r\n    <\/div>\r\n        <\/div>\r\n            <div class=\"col-md-6 col-xs-12 inline-col feed-item\">\r\n            <div class=\"clearfix\">\r\n        <div class=\"img\">\r\n            <a  href=\"https:\/\/kemkik.hu\/hirek\/tanulot-szeretne-foglalkoztatni-valassza-kamarai-gyakorlati-oktatoi-kepzesunket-2025-juniusaban\" tabindex=\"-1\">\r\n                <img class=\"img-responsive img-center\" src=\"\/uploads\/feed_items\/small-istockphoto-612x612-nagyobb-17442785702262.jpg\" alt=\"Tanul\u00f3t szeretne foglalkoztatni? v\u00e1lassza Kamarai Gyakorlati Oktat\u00f3i k\u00e9pz\u00e9s\u00fcnket 2025 j\u00fanius\u00e1ban!\">\r\n            <\/a>\r\n        <\/div>\r\n        <div class=\"info\">\r\n            <div class=\"title\"><a  href=\"https:\/\/kemkik.hu\/hirek\/tanulot-szeretne-foglalkoztatni-valassza-kamarai-gyakorlati-oktatoi-kepzesunket-2025-juniusaban\">Tanul\u00f3t szeretne foglalkoztatni? v\u00e1lassza Kamarai Gyakorlati Oktat\u00f3i k\u00e9pz\u00e9s\u00fcnket 2025 j\u00fanius\u00e1ban!<\/a><\/div>\r\n                            <ul class=\"categories\">\r\n                                            <li><a style=\"background: #9b0c8d; color: #ffffff\" href=\"https:\/\/kemkik.hu\/hirek\/szakkepzesi-hirek\">Szakk\u00e9pz\u00e9si h\u00edrek<\/a><\/li>\r\n                                        <li><span class=\"public-at\">2025. \u00e1prilis 10.<\/span><\/li>\r\n                <\/ul>\r\n                        <div class=\"desc\"><p style=\"text-align:justify\">A&nbsp;Kom\u00e1rom-Esztergom V\u00e1rmegyei Kereskedelmi \u00e9s Iparkamara&nbsp;soronk\u00f6vetkez\u0151 Kamarai Gyakorlati Oktat\u00f3 K\u00e9pz\u00e9se az al\u00e1bbi TERVEZETT id\u0151pontokban \u00e9s helysz\u00ednen ker\u00fcl megrendez\u00e9sre a Kultur\u00e1lis \u00e9s Innov\u00e1ci\u00f3s Miniszt\u00e9rium t\u00e1mogat\u00e1s\u00e1val (NFA-KA-KIM-6\/2024\/TK\/12).:<\/p><\/div>\r\n        <\/div>\r\n    <\/div>\r\n        <\/div>\r\n            <div class=\"col-md-6 col-xs-12 inline-col feed-item\">\r\n            <div class=\"clearfix\">\r\n        <div class=\"img\">\r\n            <a  href=\"https:\/\/kemkik.hu\/hirek\/meghivo-australia-hungary-business-event\" tabindex=\"-1\">\r\n                <img class=\"img-responsive img-center\" src=\"\/uploads\/feed_items\/small-map-1920-17442690247013.jpg\" alt=\"MEGH\u00cdV\u00d3 - Australia-Hungary Business Event\">\r\n            <\/a>\r\n        <\/div>\r\n        <div class=\"info\">\r\n            <div class=\"title\"><a  href=\"https:\/\/kemkik.hu\/hirek\/meghivo-australia-hungary-business-event\">MEGH\u00cdV\u00d3 - Australia-Hungary Business Event<\/a><\/div>\r\n                            <ul class=\"categories\">\r\n                                            <li><a style=\"background: #5123b3; color: #ffffff\" href=\"https:\/\/kemkik.hu\/hirek\/kulgazdasagi-hirek\">K\u00fclgazdas\u00e1gi h\u00edrek<\/a><\/li>\r\n                                        <li><span class=\"public-at\">2025. \u00e1prilis 10.<\/span><\/li>\r\n                <\/ul>\r\n                        <div class=\"desc\"><p style=\"text-align:justify\">Ez\u00faton tisztelettel megh\u00edvjuk \u00d6nt a Magyar Kereskedelmi \u00e9s Iparkamara \u00e9s az Ausztr\u00e1l Nagyk\u00f6vets\u00e9g k\u00f6z\u00f6s szervez\u00e9s\u00e9ben megval\u00f3sul\u00f3&nbsp;Australia-Hungary Business Event&nbsp;rendezv\u00e9ny\u00fcnkre. Az esem\u00e9ny nyelve az&nbsp;angol.<\/p><\/div>\r\n        <\/div>\r\n    <\/div>\r\n        <\/div>\r\n            <div class=\"col-md-6 col-xs-12 inline-col feed-item\">\r\n            <div class=\"clearfix\">\r\n        <div class=\"img\">\r\n            <a  href=\"https:\/\/kemkik.hu\/hirek\/2025-ben-majdnem-minden-ut-chemnitzbe-vezet\" tabindex=\"-1\">\r\n                <img class=\"img-responsive img-center\" src=\"\/uploads\/feed_items\/small-03-theaterplatz-c-nasser-hashemi-17568155587191.jpg\" alt=\"2025-ben (majdnem) minden \u00fat Chemnitzbe vezet!\">\r\n            <\/a>\r\n        <\/div>\r\n        <div class=\"info\">\r\n            <div class=\"title\"><a  href=\"https:\/\/kemkik.hu\/hirek\/2025-ben-majdnem-minden-ut-chemnitzbe-vezet\">2025-ben (majdnem) minden \u00fat Chemnitzbe vezet!<\/a><\/div>\r\n                            <ul class=\"categories\">\r\n                                            <li><a style=\"background: #415d19; color: #ffffff\" href=\"https:\/\/kemkik.hu\/hirek\/europe-direct-hirek\">Europe Direct h\u00edrek<\/a><\/li>\r\n                                        <li><span class=\"public-at\">2025. \u00e1prilis 09.<\/span><\/li>\r\n                <\/ul>\r\n                        <div class=\"desc\"><p style=\"text-align:justify\">Id\u00e9n Chemnitz \u2013 a szlov\u00e9n-olasz Nova Gorica\/Gorizia mellett \u2013 Eur\u00f3pa egyik kultur\u00e1lis f\u0151v\u00e1rosa. Az agglomer\u00e1ci\u00f3j\u00e1val egy\u00fctt k\u00f6zel f\u00e9lmilli\u00f3s sz\u00e1szorsz\u00e1gi v\u00e1ros a \u201eC the Unseen\u201d mott\u00f3val invit\u00e1l minket, hogy \u00faj szemmel fedezz\u00fck fel a r\u00e9gi\u00f3 rejtett kincseit.<\/p><\/div>\r\n        <\/div>\r\n    <\/div>\r\n        <\/div>\r\n            <div class=\"col-md-6 col-xs-12 inline-col feed-item\">\r\n            <div class=\"clearfix\">\r\n        <div class=\"img\">\r\n            <a  href=\"https:\/\/kemkik.hu\/hirek\/ne-legyen-aldozat-a-nav-segit-eligazodni\" tabindex=\"-1\">\r\n                <img class=\"img-responsive img-center\" src=\"\/uploads\/feed_items\/small-d425191-t1024x-17441889764841.jpg\" alt=\"Ne legyen \u00e1ldozat! \u2013 a NAV seg\u00edt eligazodni\">\r\n            <\/a>\r\n        <\/div>\r\n        <div class=\"info\">\r\n            <div class=\"title\"><a  href=\"https:\/\/kemkik.hu\/hirek\/ne-legyen-aldozat-a-nav-segit-eligazodni\">Ne legyen \u00e1ldozat! \u2013 a NAV seg\u00edt eligazodni<\/a><\/div>\r\n                            <ul class=\"categories\">\r\n                                            <li><a style=\"background: #00555b; color: #ffffff\" href=\"https:\/\/kemkik.hu\/hirek\/nav-hirek\">NAV h\u00edrek<\/a><\/li>\r\n                                        <li><span class=\"public-at\">2025. \u00e1prilis 09.<\/span><\/li>\r\n                <\/ul>\r\n                        <div class=\"desc\"><p style=\"text-align:justify\">Egyre t\u00f6bben \u00e9lnek vissza a NAV nev\u00e9vel.&nbsp;A NAV a honlapj\u00e1n nemcsak a legfontosabb inform\u00e1ci\u00f3kat teszi k\u00f6zz\u00e9, hanem azoknak az sms-eknek, e-maileknek a k\u00e9p\u00e9t is, amelyekkel a leggyakrabban pr\u00f3b\u00e1lkoznak a csal\u00f3k<strong>.<\/strong><\/p><\/div>\r\n        <\/div>\r\n    <\/div>\r\n        <\/div>\r\n            <div class=\"col-md-6 col-xs-12 inline-col feed-item\">\r\n            <div class=\"clearfix\">\r\n        <div class=\"img\">\r\n            <a  href=\"https:\/\/kemkik.hu\/hirek\/felhivas-kezmuves-arusok-jelentkezeset-varjuk\" tabindex=\"-1\">\r\n                <img class=\"img-responsive img-center\" src=\"\/uploads\/feed_items\/small-4851816183527382-n-1744025479962.jpg\" alt=\"Felh\u00edv\u00e1s: K\u00e9zm\u0171ves \u00e1rusok jelentkez\u00e9s\u00e9t v\u00e1rjuk\">\r\n            <\/a>\r\n        <\/div>\r\n        <div class=\"info\">\r\n            <div class=\"title\"><a  href=\"https:\/\/kemkik.hu\/hirek\/felhivas-kezmuves-arusok-jelentkezeset-varjuk\">Felh\u00edv\u00e1s: K\u00e9zm\u0171ves \u00e1rusok jelentkez\u00e9s\u00e9t v\u00e1rjuk<\/a><\/div>\r\n                            <ul class=\"categories\">\r\n                                            <li><a style=\"background: #305f31; color: #ffffff\" href=\"https:\/\/kemkik.hu\/hirek\/kemkik-hirek\">KEMKIK h\u00edrek<\/a><\/li>\r\n                                            <li><a style=\"background: #8b3b0d; color: #ffffff\" href=\"https:\/\/kemkik.hu\/hirek\/palyazatok\">P\u00e1ly\u00e1zatok<\/a><\/li>\r\n                                        <li><span class=\"public-at\">2025. \u00e1prilis 07.<\/span><\/li>\r\n                <\/ul>\r\n                        <div class=\"desc\"><p style=\"text-align:justify\">A Kom\u00e1rom-Esztergom V\u00e1rmegyei Kereskedelmi \u00e9s Iparkamara a helyi k\u00e9zm\u0171vesek \u00e9s a helyi gazdas\u00e1g t\u00e1mogat\u00e1sa&nbsp;\u00e9rdek\u00e9ben&nbsp;t\u00e1mogatott megjelen\u00e9si lehet\u0151s\u00e9get biztos\u00edt a Kom\u00e1rom-Esztergom v\u00e1rmegy\u00e9ben tev\u00e9kenyked\u0151 k\u00e9zm\u0171vesek r\u00e9sz\u00e9re az esztergomi \"Akkor \u00e9s Most J\u00e1rm\u0171 Expo\" keret\u00e9ben megrendez\u00e9sre ker\u00fcl\u0151 \"I. Kom\u00e1rom-Esztergom V\u00e1rmegyei K\u00e9zm\u0171ves Mustra\"&nbsp;esem\u00e9ny\u00e9re.<\/p>\r\n\r\n<p>&nbsp;<\/p><\/div>\r\n        <\/div>\r\n    <\/div>\r\n        <\/div>\r\n            <div class=\"col-md-6 col-xs-12 inline-col feed-item\">\r\n            <div class=\"clearfix\">\r\n        <div class=\"img\">\r\n            <a  href=\"https:\/\/kemkik.hu\/hirek\/discovereu-36-000-ingyenes-utazasi-igazolvany-var-gazdara\" tabindex=\"-1\">\r\n                <img class=\"img-responsive img-center\" src=\"\/uploads\/feed_items\/small-4835241816753994-n-17465265092359.jpg\" alt=\"DiscoverEU: 36 000 ingyenes utaz\u00e1si igazolv\u00e1ny v\u00e1r gazd\u00e1ra\">\r\n            <\/a>\r\n        <\/div>\r\n        <div class=\"info\">\r\n            <div class=\"title\"><a  href=\"https:\/\/kemkik.hu\/hirek\/discovereu-36-000-ingyenes-utazasi-igazolvany-var-gazdara\">DiscoverEU: 36 000 ingyenes utaz\u00e1si igazolv\u00e1ny v\u00e1r gazd\u00e1ra<\/a><\/div>\r\n                            <ul class=\"categories\">\r\n                                            <li><a style=\"background: #415d19; color: #ffffff\" href=\"https:\/\/kemkik.hu\/hirek\/europe-direct-hirek\">Europe Direct h\u00edrek<\/a><\/li>\r\n                                        <li><span class=\"public-at\">2025. \u00e1prilis 04.<\/span><\/li>\r\n                <\/ul>\r\n                        <div class=\"desc\"><p style=\"text-align:justify\">Hamarosan 36 000&nbsp;fiatal v\u00e1ghat neki ism\u00e9t Eur\u00f3pa felfedez\u00e9s\u00e9nek a&nbsp;<a href=\"https:\/\/europa.us2.list-manage.com\/track\/click?u=d5196b179506b32dff2f9cacf&amp;id=c94916000e&amp;e=75c0e21f34\" rel=\"noreferrer\" target=\"_blank\">DiscoverEU<\/a>&nbsp;utaz\u00e1si igazolv\u00e1ny&nbsp;seg\u00edts\u00e9g\u00e9vel. Az Eur\u00f3pai Bizotts\u00e1g 2025. \u00e1prilis 2-16. k\u00f6z\u00f6tt megnyitotta a DiscoverEU program \u00faj p\u00e1ly\u00e1zati k\u00f6r\u00e9t&nbsp;a 18 \u00e9vesek sz\u00e1m\u00e1ra Eur\u00f3pa-szerte.<\/p><\/div>\r\n        <\/div>\r\n    <\/div>\r\n        <\/div>\r\n            <div class=\"col-md-6 col-xs-12 inline-col feed-item\">\r\n            <div class=\"clearfix\">\r\n        <div class=\"img\">\r\n            <a  href=\"https:\/\/kemkik.hu\/hirek\/vallaekozoi-otletlada\" tabindex=\"-1\">\r\n                <img class=\"img-responsive img-center\" src=\"\/uploads\/feed_items\/small-business-1280-17436746958122.png\" alt=\"V\u00e1llalkoz\u00f3i \u00f6tletl\u00e1da\">\r\n            <\/a>\r\n        <\/div>\r\n        <div class=\"info\">\r\n            <div class=\"title\"><a  href=\"https:\/\/kemkik.hu\/hirek\/vallaekozoi-otletlada\">V\u00e1llalkoz\u00f3i \u00f6tletl\u00e1da<\/a><\/div>\r\n                        <div class=\"desc\"><p style=\"text-align:justify\"><strong>A Kom\u00e1rom-Esztergom&nbsp;V\u00e1rmegyei Kereskedelmi \u00e9s Iparkamara folyamatosan v\u00e1rja a v\u00e1llalkoz\u00e1sok javaslatait helyi gazdas\u00e1gfejleszt\u00e9si, szakk\u00e9pz\u00e9si \u00fcgyeket \u00e9rint\u0151 t\u00e9mak\u00f6r\u00f6kben, valamint rendezv\u00e9ny\u00f6tletekkel&nbsp;kapcsolatban.<\/strong><\/p><\/div>\r\n        <\/div>\r\n    <\/div>\r\n        <\/div>\r\n    <\/div>\r\n\r\n<ul class=\"pagination text-center\">\r\n                    <li class=\"left\"><a aria-label=\"El\u0151z\u0151\" href=\"https:\/\/kemkik.hu\/api\/feeds\/page?page=18\" rel=\"nofollow\"><i aria-hidden=\"true\" class=\"icon icon-arrow-flat-left\"><\/i><\/a><\/li>\r\n        \r\n                    \r\n                                                                        <li><a href=\"https:\/\/kemkik.hu\/api\/feeds\/page?page=1\" rel=\"nofollow\" aria-label=\"1. oldal bet\u00f6lt\u00e9se\">01<\/a><\/li>\r\n                                                                                <li><a href=\"https:\/\/kemkik.hu\/api\/feeds\/page?page=2\" rel=\"nofollow\" aria-label=\"2. oldal bet\u00f6lt\u00e9se\">02<\/a><\/li>\r\n                                                                                    <li class=\"disabled\"><span>...<\/span><\/li>\r\n            \r\n                                \r\n                                                                        <li><a href=\"https:\/\/kemkik.hu\/api\/feeds\/page?page=16\" rel=\"nofollow\" aria-label=\"16. oldal bet\u00f6lt\u00e9se\">16<\/a><\/li>\r\n                                                                                <li><a href=\"https:\/\/kemkik.hu\/api\/feeds\/page?page=17\" rel=\"nofollow\" aria-label=\"17. oldal bet\u00f6lt\u00e9se\">17<\/a><\/li>\r\n                                                                                <li><a href=\"https:\/\/kemkik.hu\/api\/feeds\/page?page=18\" rel=\"nofollow\" aria-label=\"18. oldal bet\u00f6lt\u00e9se\">18<\/a><\/li>\r\n                                                                                <li class=\"active\" aria-label=\"19. oldal bet\u00f6lt\u00e9se\"><span>19<\/span><\/li>\r\n                                                                                <li><a href=\"https:\/\/kemkik.hu\/api\/feeds\/page?page=20\" rel=\"nofollow\" aria-label=\"20. oldal bet\u00f6lt\u00e9se\">20<\/a><\/li>\r\n                                                                                <li><a href=\"https:\/\/kemkik.hu\/api\/feeds\/page?page=21\" rel=\"nofollow\" aria-label=\"21. oldal bet\u00f6lt\u00e9se\">21<\/a><\/li>\r\n                                                                                <li><a href=\"https:\/\/kemkik.hu\/api\/feeds\/page?page=22\" rel=\"nofollow\" aria-label=\"22. oldal bet\u00f6lt\u00e9se\">22<\/a><\/li>\r\n                                                                                    <li class=\"disabled\"><span>...<\/span><\/li>\r\n            \r\n                                \r\n                                                                        <li><a href=\"https:\/\/kemkik.hu\/api\/feeds\/page?page=94\" rel=\"nofollow\" aria-label=\"94. oldal bet\u00f6lt\u00e9se\">94<\/a><\/li>\r\n                                                                                <li><a href=\"https:\/\/kemkik.hu\/api\/feeds\/page?page=95\" rel=\"nofollow\" aria-label=\"95. oldal bet\u00f6lt\u00e9se\">95<\/a><\/li>\r\n                                                        \r\n                    <li class=\"right\"><a aria-label=\"K\u00f6vetkez\u0151\" href=\"https:\/\/kemkik.hu\/api\/feeds\/page?page=20\" rel=\"nofollow\"><i aria-hidden=\"true\" class=\"icon icon-arrow-flat-right\"><\/i><\/a><\/li>\r\n            <\/ul>\r\n\r\n","page":"19"}