{"content":"<div class=\"row inline-row\">\r\n                <div class=\"col-md-6 col-xs-12 inline-col feed-item\">\r\n            <div class=\"clearfix\">\r\n        <div class=\"img\">\r\n            <a  href=\"https:\/\/kemkik.hu\/hirek\/prezentaciok-eu-forrasok-a-gazdasagfejlesztesben-ginop-plusz-es-dimop-plusz\" tabindex=\"-1\">\r\n                <img class=\"img-responsive img-center\" src=\"\/uploads\/feed_items\/small-businesspeople-meeting-indoors-1-17757371208477.jpg\" alt=\"Prezent\u00e1ci\u00f3k: EU forr\u00e1sok a gazdas\u00e1gfejleszt\u00e9sben - GINOP Plusz \u00e9s DIMOP Plusz\">\r\n            <\/a>\r\n        <\/div>\r\n        <div class=\"info\">\r\n            <div class=\"title\"><a  href=\"https:\/\/kemkik.hu\/hirek\/prezentaciok-eu-forrasok-a-gazdasagfejlesztesben-ginop-plusz-es-dimop-plusz\">Prezent\u00e1ci\u00f3k: EU forr\u00e1sok a gazdas\u00e1gfejleszt\u00e9sben - GINOP Plusz \u00e9s DIMOP Plusz<\/a><\/div>\r\n                            <ul class=\"categories\">\r\n                                            <li><a style=\"background: #395f06; color: #ffffff\" href=\"https:\/\/kemkik.hu\/hirek\/rendezvenyek-dokumentumai\">El\u0151ad\u00e1sok &amp; vide\u00f3k<\/a><\/li>\r\n                                        <li><span class=\"public-at\">2026. \u00e1prilis 09.<\/span><\/li>\r\n                <\/ul>\r\n                        <div class=\"desc\"><p style=\"text-align:justify\">El\u00e9rhet\u0151 a&nbsp;Nemzeti Fejleszt\u00e9si K\u00f6zpont szervez\u00e9s\u00e9ben megrendez\u00e9sre&nbsp;ker\u00fclt&nbsp;\u201eEU forr\u00e1sok a gazdas\u00e1gfejleszt\u00e9sben\u201d c\u00edm\u0171 rendezv\u00e9ny prezent\u00e1ci\u00f3i.&nbsp;<\/p><\/div>\r\n        <\/div>\r\n    <\/div>\r\n        <\/div>\r\n            <div class=\"col-md-6 col-xs-12 inline-col feed-item\">\r\n            <div class=\"clearfix\">\r\n        <div class=\"img\">\r\n            <a  href=\"https:\/\/kemkik.hu\/hirek\/szepeszeti-szakmai-nap-tatabanyan-elerhetoek-az-eloadasok-anyagai\" tabindex=\"-1\">\r\n                <img class=\"img-responsive img-center\" src=\"\/uploads\/feed_items\/small-0331szepeszetinapfoto6-17757263573544.jpg\" alt=\"Sz\u00e9p\u00e9szeti szakmai nap Tatab\u00e1ny\u00e1n - El\u00e9rhet\u0151ek az el\u0151ad\u00e1sok anyagai\">\r\n            <\/a>\r\n        <\/div>\r\n        <div class=\"info\">\r\n            <div class=\"title\"><a  href=\"https:\/\/kemkik.hu\/hirek\/szepeszeti-szakmai-nap-tatabanyan-elerhetoek-az-eloadasok-anyagai\">Sz\u00e9p\u00e9szeti szakmai nap Tatab\u00e1ny\u00e1n - El\u00e9rhet\u0151ek az el\u0151ad\u00e1sok anyagai<\/a><\/div>\r\n                            <ul class=\"categories\">\r\n                                            <li><a style=\"background: #395f06; color: #ffffff\" href=\"https:\/\/kemkik.hu\/hirek\/rendezvenyek-dokumentumai\">El\u0151ad\u00e1sok &amp; vide\u00f3k<\/a><\/li>\r\n                                        <li><span class=\"public-at\">2026. \u00e1prilis 09.<\/span><\/li>\r\n                <\/ul>\r\n                        <div class=\"desc\"><p style=\"text-align:justify\">A sz\u00e9ps\u00e9g\u00e1pol\u00e1si szakma minden ter\u00fclet\u00e9r\u0151l ismereteket ad\u00f3 szakmai napot szervezett v\u00e1rmegy\u00e9nk kereskedelmi \u00e9s iparkamar\u00e1ja Tatab\u00e1ny\u00e1n. A rendezv\u00e9nyt nagy \u00e9rdekl\u0151d\u00e9s k\u00eds\u00e9rte, az el\u0151ad\u00e1sokat \u00e9s bemutat\u00f3kat sz\u00e1zn\u00e1l t\u00f6bb fodr\u00e1sz, kozmetikus, m\u0171k\u00f6rm\u00f6s, l\u00e1b\u00e1pol\u00f3 \u00e9s ezen szakm\u00e1k tanul\u00f3i k\u00eds\u00e9rt\u00e9k figyelemmel a Tulip\u00e1nos H\u00e1zban.<\/p><\/div>\r\n        <\/div>\r\n    <\/div>\r\n        <\/div>\r\n            <div class=\"col-md-6 col-xs-12 inline-col feed-item\">\r\n            <div class=\"clearfix\">\r\n        <div class=\"img\">\r\n            <a  href=\"https:\/\/kemkik.hu\/hirek\/szepeszeti-szakmai-nap-tatabanyan\" tabindex=\"-1\">\r\n                <img class=\"img-responsive img-center\" src=\"\/uploads\/feed_items\/small-0331szepeszetinapfoto6-17757204682543.jpg\" alt=\"Sz\u00e9p\u00e9szeti szakmai nap Tatab\u00e1ny\u00e1n\">\r\n            <\/a>\r\n        <\/div>\r\n        <div class=\"info\">\r\n            <div class=\"title\"><a  href=\"https:\/\/kemkik.hu\/hirek\/szepeszeti-szakmai-nap-tatabanyan\">Sz\u00e9p\u00e9szeti szakmai nap Tatab\u00e1ny\u00e1n<\/a><\/div>\r\n                            <ul class=\"categories\">\r\n                                            <li><a style=\"background: #305f31; color: #ffffff\" href=\"https:\/\/kemkik.hu\/hirek\/kemkik-hirek\">KEMKIK h\u00edrek<\/a><\/li>\r\n                                        <li><span class=\"public-at\">2026. \u00e1prilis 09.<\/span><\/li>\r\n                <\/ul>\r\n                        <div class=\"desc\"><p style=\"margin-left:0cm; margin-right:0cm; text-align:justify\">A sz\u00e9ps\u00e9g\u00e1pol\u00e1si szakma minden ter\u00fclet\u00e9r\u0151l ismereteket ad\u00f3 szakmai napot szervezett v\u00e1rmegy\u00e9nk kereskedelmi \u00e9s iparkamar\u00e1ja Tatab\u00e1ny\u00e1n. A rendezv\u00e9nyt nagy \u00e9rdekl\u0151d\u00e9s k\u00eds\u00e9rte, az el\u0151ad\u00e1sokat \u00e9s bemutat\u00f3kat sz\u00e1zn\u00e1l t\u00f6bb fodr\u00e1sz, kozmetikus, m\u0171k\u00f6rm\u00f6s, l\u00e1b\u00e1pol\u00f3 \u00e9s ezen szakm\u00e1k tanul\u00f3i k\u00eds\u00e9rt\u00e9k figyelemmel a Tulip\u00e1nos H\u00e1zban.<\/p><\/div>\r\n        <\/div>\r\n    <\/div>\r\n        <\/div>\r\n            <div class=\"col-md-6 col-xs-12 inline-col feed-item\">\r\n            <div class=\"clearfix\">\r\n        <div class=\"img\">\r\n            <a  href=\"https:\/\/kemkik.hu\/hirek\/palyamodositas-kontra-stagnalas-a-magyar-gazdasag-elott-allo-strategiai-dontesek-portfolio\" tabindex=\"-1\">\r\n                <img class=\"img-responsive img-center\" src=\"\/uploads\/feed_items\/small-pexels-sergey-sergeev-17772965936219.jpg\" alt=\"P\u00e1lyam\u00f3dos\u00edt\u00e1s kontra stagn\u00e1l\u00e1s - A magyar gazdas\u00e1g el\u0151tt \u00e1ll\u00f3 strat\u00e9giai d\u00f6nt\u00e9sek \u2013 Portfolio\">\r\n            <\/a>\r\n        <\/div>\r\n        <div class=\"info\">\r\n            <div class=\"title\"><a  href=\"https:\/\/kemkik.hu\/hirek\/palyamodositas-kontra-stagnalas-a-magyar-gazdasag-elott-allo-strategiai-dontesek-portfolio\">P\u00e1lyam\u00f3dos\u00edt\u00e1s kontra stagn\u00e1l\u00e1s - A magyar gazdas\u00e1g el\u0151tt \u00e1ll\u00f3 strat\u00e9giai d\u00f6nt\u00e9sek \u2013 Portfolio<\/a><\/div>\r\n                            <ul class=\"categories\">\r\n                                            <li><a style=\"background: #535667; color: #ffffff\" href=\"https:\/\/kemkik.hu\/hirek\/gazdasag\">Gazdas\u00e1g<\/a><\/li>\r\n                                        <li><span class=\"public-at\">2026. \u00e1prilis 06.<\/span><\/li>\r\n                <\/ul>\r\n                        <div class=\"desc\"><p style=\"text-align:justify\">A magyar gazdas\u00e1gr\u00f3l sz\u00f3l\u00f3 vit\u00e1k rendszerint makro\u00f6kon\u00f3miai mutat\u00f3k ment\u00e9n zajlanak: n\u00f6veked\u00e9s, beruh\u00e1z\u00e1s, infl\u00e1ci\u00f3, k\u00f6lts\u00e9gvet\u00e9s, foglalkoztat\u00e1s. Ezek val\u00f3ban fontosak, de nem mutatj\u00e1k meg, hol keletkezik val\u00f3j\u00e1ban a gazdas\u00e1gi teljes\u00edtm\u00e9ny, \u00e9s ami enn\u00e9l is l\u00e9nyegesebb: merre tart, \u00e9s merre tarthat a fejl\u0151d\u00e9si p\u00e1lya.<\/p><\/div>\r\n        <\/div>\r\n    <\/div>\r\n        <\/div>\r\n            <div class=\"col-md-6 col-xs-12 inline-col feed-item\">\r\n            <div class=\"clearfix\">\r\n        <div class=\"img\">\r\n            <a  href=\"https:\/\/kemkik.hu\/hirek\/dobogon-varmegyenk-tanuloi-a-szakma-sztar-fesztivalon\" tabindex=\"-1\">\r\n                <img class=\"img-responsive img-center\" src=\"\/uploads\/feed_items\/small-0331szakmasztar2026foto3-1775049757828.jpg\" alt=\"Dobog\u00f3n v\u00e1rmegy\u00e9nk tanul\u00f3i a Szakma Szt\u00e1r Fesztiv\u00e1lon\">\r\n            <\/a>\r\n        <\/div>\r\n        <div class=\"info\">\r\n            <div class=\"title\"><a  href=\"https:\/\/kemkik.hu\/hirek\/dobogon-varmegyenk-tanuloi-a-szakma-sztar-fesztivalon\">Dobog\u00f3n v\u00e1rmegy\u00e9nk tanul\u00f3i a Szakma Szt\u00e1r Fesztiv\u00e1lon<\/a><\/div>\r\n                            <ul class=\"categories\">\r\n                                            <li><a style=\"background: #9b0c8d; color: #ffffff\" href=\"https:\/\/kemkik.hu\/hirek\/szakkepzesi-hirek\">Szakk\u00e9pz\u00e9si h\u00edrek<\/a><\/li>\r\n                                        <li><span class=\"public-at\">2026. \u00e1prilis 01.<\/span><\/li>\r\n                <\/ul>\r\n                        <div class=\"desc\"><p style=\"margin-left:0cm; margin-right:0cm; text-align:justify\">A XIX. Szakma Szt\u00e1r Fesztiv\u00e1lon, a Magyar Kereskedelmi \u00e9s Iparkamara \u00e1ltal szervezett orsz\u00e1gos versenyen a Kom\u00e1rom-Esztergom v\u00e1rmegy\u00e9b\u0151l d\u00f6nt\u0151be jutott h\u00e9t di\u00e1kb\u00f3l hatan dobog\u00f3s helyen v\u00e9geztek, egyik\u00fck negyedik helyez\u00e9st \u00e9rt el.<\/p><\/div>\r\n        <\/div>\r\n    <\/div>\r\n        <\/div>\r\n            <div class=\"col-md-6 col-xs-12 inline-col feed-item\">\r\n            <div class=\"clearfix\">\r\n        <div class=\"img\">\r\n            <a  href=\"https:\/\/kemkik.hu\/hirek\/ii-komarom-esztergom-varmegyei-kezmuves-mustra-kezmuves-arusok-jelentkezeset-varjuk\" tabindex=\"-1\">\r\n                <img class=\"img-responsive img-center\" src=\"\/uploads\/feed_items\/small-kezmuves-mustra-roll-up-copy2-kisebb2-1774964356551.jpg\" alt=\"II. Kom\u00e1rom-Esztergom V\u00e1rmegyei K\u00e9zm\u0171ves Mustra: K\u00e9zm\u0171ves \u00e1rusok jelentkez\u00e9s\u00e9t v\u00e1rjuk\">\r\n            <\/a>\r\n        <\/div>\r\n        <div class=\"info\">\r\n            <div class=\"title\"><a  href=\"https:\/\/kemkik.hu\/hirek\/ii-komarom-esztergom-varmegyei-kezmuves-mustra-kezmuves-arusok-jelentkezeset-varjuk\">II. Kom\u00e1rom-Esztergom V\u00e1rmegyei K\u00e9zm\u0171ves Mustra: K\u00e9zm\u0171ves \u00e1rusok jelentkez\u00e9s\u00e9t v\u00e1rjuk<\/a><\/div>\r\n                            <ul class=\"categories\">\r\n                                            <li><a style=\"background: #475732; color: #ffffff\" href=\"https:\/\/kemkik.hu\/hirek\/rendezvenyek\">Rendezv\u00e9nyek<\/a><\/li>\r\n                                        <li><span class=\"public-at\">2026. m\u00e1rcius 31.<\/span><\/li>\r\n                <\/ul>\r\n                        <div class=\"desc\"><p style=\"text-align:justify\">A Kom\u00e1rom-Esztergom V\u00e1rmegyei \u00e9s Kereskedelmi \u00e9s Iparkamara t\u00e1mogatott megjelen\u00e9si lehet\u0151s\u00e9get biztos\u00edt a Kom\u00e1rom-Esztergom, Gy\u0151r-Moson-Sopron \u00e9s Veszpr\u00e9m v\u00e1rmegy\u00e9kben tev\u00e9kenyked\u0151 k\u00e9zm\u0171vesek r\u00e9sz\u00e9re az esztergomi \"<strong>Akkor \u00e9s Most J\u00e1rm\u0171 Expo<\/strong>\" keret\u00e9ben megrendez\u00e9sre ker\u00fcl\u0151 <strong>\"II. Kom\u00e1rom-Esztergom V\u00e1rmegyei K\u00e9zm\u0171ves Mustra\"<\/strong> esem\u00e9nyre.<\/p><\/div>\r\n        <\/div>\r\n    <\/div>\r\n        <\/div>\r\n            <div class=\"col-md-6 col-xs-12 inline-col feed-item\">\r\n            <div class=\"clearfix\">\r\n        <div class=\"img\">\r\n            <a  href=\"https:\/\/kemkik.hu\/hirek\/kamarai-uzleti-delegacio-szerbiaba-belgradba-a-technical-fair-belgrade-2026-szakvasarra-tamogatott-reszveteli-lehetoseggel\" tabindex=\"-1\">\r\n                <img class=\"img-responsive img-center\" src=\"\/uploads\/feed_items\/small-pexels-kelly-1-belgrad-17748623744032.jpg\" alt=\"Kamarai \u00fczleti deleg\u00e1ci\u00f3 Szerbi\u00e1ba, Belgr\u00e1dba, a Technical Fair Belgrade 2026 szakv\u00e1s\u00e1rra t\u00e1mogatott r\u00e9szv\u00e9teli lehet\u0151s\u00e9ggel\">\r\n            <\/a>\r\n        <\/div>\r\n        <div class=\"info\">\r\n            <div class=\"title\"><a  href=\"https:\/\/kemkik.hu\/hirek\/kamarai-uzleti-delegacio-szerbiaba-belgradba-a-technical-fair-belgrade-2026-szakvasarra-tamogatott-reszveteli-lehetoseggel\">Kamarai \u00fczleti deleg\u00e1ci\u00f3 Szerbi\u00e1ba, Belgr\u00e1dba, a Technical Fair Belgrade 2026 szakv\u00e1s\u00e1rra t\u00e1mogatott r\u00e9szv\u00e9teli lehet\u0151s\u00e9ggel<\/a><\/div>\r\n                            <ul class=\"categories\">\r\n                                            <li><a style=\"background: #5123b3; color: #ffffff\" href=\"https:\/\/kemkik.hu\/hirek\/kulgazdasagi-hirek\">K\u00fclgazdas\u00e1gi h\u00edrek<\/a><\/li>\r\n                                        <li><span class=\"public-at\">2026. m\u00e1rcius 30.<\/span><\/li>\r\n                <\/ul>\r\n                        <div class=\"desc\"><p style=\"text-align:justify\">A magyar export\u0151r kis- \u00e9s k\u00f6z\u00e9pv\u00e1llalkoz\u00e1sok exportpiaci jelenl\u00e9t\u00e9nek fejleszt\u00e9se \u00e9s \u00fczleti kapcsolatrendszer\u00fck b\u0151v\u00edt\u00e9se c\u00e9lj\u00e1b\u00f3l a Magyar Kereskedelmi \u00e9s Iparkamara V\u00e1llalkoz\u00e1sfejleszt\u00e9si Projektj\u00e9nek keret\u00e9ben a Nemzetgazdas\u00e1gi Miniszt\u00e9rium t\u00e1mogat\u00e1s\u00e1val 2026 m\u00e1jus\u00e1ban az al\u00e1bbi k\u00fclf\u00f6ldi szakv\u00e1s\u00e1rra szervez \u00fczleti deleg\u00e1ci\u00f3t t\u00e1mogatott l\u00e1togat\u00f3i r\u00e9szv\u00e9teli lehet\u0151s\u00e9ggel:<\/p><\/div>\r\n        <\/div>\r\n    <\/div>\r\n        <\/div>\r\n            <div class=\"col-md-6 col-xs-12 inline-col feed-item\">\r\n            <div class=\"clearfix\">\r\n        <div class=\"img\">\r\n            <a  href=\"https:\/\/kemkik.hu\/hirek\/orszagos-elismerest-kapott-a-tatai-malom-es-kacsa\" tabindex=\"-1\">\r\n                <img class=\"img-responsive img-center\" src=\"\/uploads\/feed_items\/small-0323malomkertfoto1-17745953101407.jpg\" alt=\"Orsz\u00e1gos elismer\u00e9st kapott a tatai Malom \u00e9s Kacsa\">\r\n            <\/a>\r\n        <\/div>\r\n        <div class=\"info\">\r\n            <div class=\"title\"><a  href=\"https:\/\/kemkik.hu\/hirek\/orszagos-elismerest-kapott-a-tatai-malom-es-kacsa\">Orsz\u00e1gos elismer\u00e9st kapott a tatai Malom \u00e9s Kacsa<\/a><\/div>\r\n                            <ul class=\"categories\">\r\n                                            <li><a style=\"background: #9b0c8d; color: #ffffff\" href=\"https:\/\/kemkik.hu\/hirek\/szakkepzesi-hirek\">Szakk\u00e9pz\u00e9si h\u00edrek<\/a><\/li>\r\n                                        <li><span class=\"public-at\">2026. m\u00e1rcius 27.<\/span><\/li>\r\n                <\/ul>\r\n                        <div class=\"desc\"><p style=\"margin-left:0cm; margin-right:0cm; text-align:justify\">A tatai \u00d6reg-t\u00f3 partj\u00e1n tal\u00e1lhat\u00f3 vend\u00e9gl\u00e1t\u00f3helyet \u00e9s hotelt \u00fczemeltet\u0151 Malomkert Kft. kapta meg \u201eAz \u00e9v du\u00e1lis k\u00e9pz\u0151helye-2026\u201d p\u00e1ly\u00e1zat els\u0151 d\u00edj\u00e1t k\u00f6zepes v\u00e1llalkoz\u00e1s kateg\u00f3ri\u00e1ban. Az elismer\u00e9st Orb\u00e1n Viktor minisztereln\u00f6kt\u0151l vehette \u00e1t P\u00e1lh\u00e1zy N\u00e1ndor operat\u00edv igazgat\u00f3 az idei Szakma Szt\u00e1r Fesztiv\u00e1l nyit\u00f3\u00fcnneps\u00e9g\u00e9n.<\/p><\/div>\r\n        <\/div>\r\n    <\/div>\r\n        <\/div>\r\n    <\/div>\r\n\r\n<ul class=\"pagination text-center\">\r\n                    <li class=\"left\"><a aria-label=\"El\u0151z\u0151\" href=\"https:\/\/kemkik.hu\/api\/feeds\/page?page=1\" rel=\"nofollow\"><i aria-hidden=\"true\" class=\"icon icon-arrow-flat-left\"><\/i><\/a><\/li>\r\n        \r\n                    \r\n                                                                        <li><a href=\"https:\/\/kemkik.hu\/api\/feeds\/page?page=1\" rel=\"nofollow\" aria-label=\"1. oldal bet\u00f6lt\u00e9se\">01<\/a><\/li>\r\n                                                                                <li class=\"active\" aria-label=\"2. oldal bet\u00f6lt\u00e9se\"><span>02<\/span><\/li>\r\n                                                                                <li><a href=\"https:\/\/kemkik.hu\/api\/feeds\/page?page=3\" rel=\"nofollow\" aria-label=\"3. oldal bet\u00f6lt\u00e9se\">03<\/a><\/li>\r\n                                                                                <li><a href=\"https:\/\/kemkik.hu\/api\/feeds\/page?page=4\" rel=\"nofollow\" aria-label=\"4. oldal bet\u00f6lt\u00e9se\">04<\/a><\/li>\r\n                                                                                <li><a href=\"https:\/\/kemkik.hu\/api\/feeds\/page?page=5\" rel=\"nofollow\" aria-label=\"5. oldal bet\u00f6lt\u00e9se\">05<\/a><\/li>\r\n                                                                                <li><a href=\"https:\/\/kemkik.hu\/api\/feeds\/page?page=6\" rel=\"nofollow\" aria-label=\"6. oldal bet\u00f6lt\u00e9se\">06<\/a><\/li>\r\n                                                                                <li><a href=\"https:\/\/kemkik.hu\/api\/feeds\/page?page=7\" rel=\"nofollow\" aria-label=\"7. oldal bet\u00f6lt\u00e9se\">07<\/a><\/li>\r\n                                                                                <li><a href=\"https:\/\/kemkik.hu\/api\/feeds\/page?page=8\" rel=\"nofollow\" aria-label=\"8. oldal bet\u00f6lt\u00e9se\">08<\/a><\/li>\r\n                                                                                    <li class=\"disabled\"><span>...<\/span><\/li>\r\n            \r\n                                \r\n                                                                        <li><a href=\"https:\/\/kemkik.hu\/api\/feeds\/page?page=94\" rel=\"nofollow\" aria-label=\"94. oldal bet\u00f6lt\u00e9se\">94<\/a><\/li>\r\n                                                                                <li><a href=\"https:\/\/kemkik.hu\/api\/feeds\/page?page=95\" rel=\"nofollow\" aria-label=\"95. oldal bet\u00f6lt\u00e9se\">95<\/a><\/li>\r\n                                                        \r\n                    <li class=\"right\"><a aria-label=\"K\u00f6vetkez\u0151\" href=\"https:\/\/kemkik.hu\/api\/feeds\/page?page=3\" rel=\"nofollow\"><i aria-hidden=\"true\" class=\"icon icon-arrow-flat-right\"><\/i><\/a><\/li>\r\n            <\/ul>\r\n\r\n","page":"2"}