{"content":"<div class=\"row inline-row\">\r\n                <div class=\"col-md-6 col-xs-12 inline-col feed-item\">\r\n            <div class=\"clearfix\">\r\n        <div class=\"img\">\r\n            <a  href=\"https:\/\/kemkik.hu\/hirek\/a-magyar-kereskedelmi-es-iparkamara-palyazati-felhivasa-az-orszagos-agazati-alapvizsga-vizsgaelnoki-nevjegyzekre-valamint-az-orszagos-szakmai-vizsgafelugyeloi-nevjegyzekre\" tabindex=\"-1\">\r\n                <img class=\"img-responsive img-center\" src=\"\/uploads\/feed_items\/small-man-1920-1-17695098747163.jpg\" alt=\"Az MKIK p\u00e1ly\u00e1zati felh\u00edv\u00e1sa: az Orsz\u00e1gos \u00c1gazati Alapvizsga Vizsgaeln\u00f6ki N\u00e9vjegyz\u00e9kre, valamint \u00a0az Orsz\u00e1gos Szakmai Vizsgafel\u00fcgyel\u0151i N\u00e9vjegyz\u00e9kre.\">\r\n            <\/a>\r\n        <\/div>\r\n        <div class=\"info\">\r\n            <div class=\"title\"><a  href=\"https:\/\/kemkik.hu\/hirek\/a-magyar-kereskedelmi-es-iparkamara-palyazati-felhivasa-az-orszagos-agazati-alapvizsga-vizsgaelnoki-nevjegyzekre-valamint-az-orszagos-szakmai-vizsgafelugyeloi-nevjegyzekre\">Az MKIK p\u00e1ly\u00e1zati felh\u00edv\u00e1sa: az Orsz\u00e1gos \u00c1gazati Alapvizsga Vizsgaeln\u00f6ki N\u00e9vjegyz\u00e9kre, valamint \u00a0az Orsz\u00e1gos Szakmai Vizsgafel\u00fcgyel\u0151i N\u00e9vjegyz\u00e9kre.<\/a><\/div>\r\n                            <ul class=\"categories\">\r\n                                            <li><a style=\"background: #9b0c8d; color: #ffffff\" href=\"https:\/\/kemkik.hu\/hirek\/szakkepzesi-hirek\">Szakk\u00e9pz\u00e9si h\u00edrek<\/a><\/li>\r\n                                        <li><span class=\"public-at\">2026. janu\u00e1r 27.<\/span><\/li>\r\n                <\/ul>\r\n                        <div class=\"desc\"><p style=\"text-align:justify\">Mi\u00e9rt \u00e9rdemes kamarai vizsga eln\u00f6kk\u00e9nt vagy vizsgafel\u00fcgyel\u0151k\u00e9nt a gazdas\u00e1got k\u00e9pviselni?&nbsp;<\/p><\/div>\r\n        <\/div>\r\n    <\/div>\r\n        <\/div>\r\n            <div class=\"col-md-6 col-xs-12 inline-col feed-item\">\r\n            <div class=\"clearfix\">\r\n        <div class=\"img\">\r\n            <a  href=\"https:\/\/kemkik.hu\/hirek\/mi-mennyi-2026-ban\" tabindex=\"-1\">\r\n                <img class=\"img-responsive img-center\" src=\"\/uploads\/feed_items\/small-celebrations-1920-17695071773638.jpg\" alt=\"Mi mennyi 2026-ban?\">\r\n            <\/a>\r\n        <\/div>\r\n        <div class=\"info\">\r\n            <div class=\"title\"><a  href=\"https:\/\/kemkik.hu\/hirek\/mi-mennyi-2026-ban\">Mi mennyi 2026-ban?<\/a><\/div>\r\n                            <ul class=\"categories\">\r\n                                            <li><a style=\"background: #535667; color: #ffffff\" href=\"https:\/\/kemkik.hu\/hirek\/gazdasag\">Gazdas\u00e1g<\/a><\/li>\r\n                                        <li><span class=\"public-at\">2026. janu\u00e1r 27.<\/span><\/li>\r\n                <\/ul>\r\n                        <div class=\"desc\"><p style=\"text-align:justify\">A Tolna V\u00e1rmegyei Korm\u00e1nyhivatal elk\u00e9sz\u00edtette a 2026. janu\u00e1r 1-j\u00e9t\u0151l \u00e9rv\u00e9nyes legfontosabb b\u00e9reket, csal\u00e1dt\u00e1mogat\u00e1sokat, szoci\u00e1lis ell\u00e1t\u00e1sokat \u00e9s k\u00f6zterheket tartalmaz\u00f3 \u00e9ves \u00f6sszefoglal\u00f3j\u00e1t.&nbsp;<\/p><\/div>\r\n        <\/div>\r\n    <\/div>\r\n        <\/div>\r\n            <div class=\"col-md-6 col-xs-12 inline-col feed-item\">\r\n            <div class=\"clearfix\">\r\n        <div class=\"img\">\r\n            <a  href=\"https:\/\/kemkik.hu\/hirek\/100-milliard-forintos-akcioterv-az-ettermek-tamogatasara\" tabindex=\"-1\">\r\n                <img class=\"img-responsive img-center\" src=\"\/uploads\/feed_items\/small-road-1920-17695063883322.jpg\" alt=\"100 milli\u00e1rd forintos akci\u00f3terv az \u00e9ttermek t\u00e1mogat\u00e1s\u00e1ra\">\r\n            <\/a>\r\n        <\/div>\r\n        <div class=\"info\">\r\n            <div class=\"title\"><a  href=\"https:\/\/kemkik.hu\/hirek\/100-milliard-forintos-akcioterv-az-ettermek-tamogatasara\">100 milli\u00e1rd forintos akci\u00f3terv az \u00e9ttermek t\u00e1mogat\u00e1s\u00e1ra<\/a><\/div>\r\n                            <ul class=\"categories\">\r\n                                            <li><a style=\"background: #535667; color: #ffffff\" href=\"https:\/\/kemkik.hu\/hirek\/gazdasag\">Gazdas\u00e1g<\/a><\/li>\r\n                                        <li><span class=\"public-at\">2026. janu\u00e1r 27.<\/span><\/li>\r\n                <\/ul>\r\n                        <div class=\"desc\"><p style=\"text-align:justify\">K\u00f6zel 100 milli\u00e1rd forintos, c\u00e9lzott akci\u00f3tervet ind\u00edt a korm\u00e1ny az \u00e9ttermi vend\u00e9gl\u00e1t\u00e1s megseg\u00edt\u00e9s\u00e9re. Ad\u00f3k\u00f6nny\u00edt\u00e9sek, kedvezm\u00e9nyes hitelek \u00e9s jelent\u0151s adminisztr\u00e1ci\u00f3cs\u00f6kkent\u00e9s j\u00f6n az \u00e1gazatban, amelyet a munkaer\u0151hi\u00e1ny \u00e9s a n\u00f6vekv\u0151 k\u00f6lts\u00e9gek k\u00fcl\u00f6n\u00f6sen s\u00fajtanak.<\/p><\/div>\r\n        <\/div>\r\n    <\/div>\r\n        <\/div>\r\n            <div class=\"col-md-6 col-xs-12 inline-col feed-item\">\r\n            <div class=\"clearfix\">\r\n        <div class=\"img\">\r\n            <a  href=\"https:\/\/kemkik.hu\/hirek\/minden-egyeni-vallalkozo-erintett-megujul-az-ugyseged\" tabindex=\"-1\">\r\n                <img class=\"img-responsive img-center\" src=\"\/uploads\/feed_items\/small-kepernyokep-2026-01-27-17695040439421.png\" alt=\"Minden egy\u00e9ni v\u00e1llalkoz\u00f3 \u00e9rintett: meg\u00fajul az \u00fcgyseg\u00e9d\">\r\n            <\/a>\r\n        <\/div>\r\n        <div class=\"info\">\r\n            <div class=\"title\"><a  href=\"https:\/\/kemkik.hu\/hirek\/minden-egyeni-vallalkozo-erintett-megujul-az-ugyseged\">Minden egy\u00e9ni v\u00e1llalkoz\u00f3 \u00e9rintett: meg\u00fajul az \u00fcgyseg\u00e9d<\/a><\/div>\r\n                            <ul class=\"categories\">\r\n                                            <li><a style=\"background: #00555b; color: #ffffff\" href=\"https:\/\/kemkik.hu\/hirek\/nav-hirek\">NAV h\u00edrek<\/a><\/li>\r\n                                        <li><span class=\"public-at\">2026. janu\u00e1r 27.<\/span><\/li>\r\n                <\/ul>\r\n                        <div class=\"desc\"><p style=\"text-align:justify\">K\u00f6nny\u00edt\u00e9st hoz az \u00faj \u00e9v az egy\u00e9ni v\u00e1llalkoz\u00f3knak: m\u00e9g az \u00e9v elej\u00e9n meg\u00fajul az egy\u00e9ni v\u00e1llalkoz\u00f3k elektronikus bejelent\u0151fel\u00fclete. A Webes \u00dcgyseg\u00e9d helyett a NAV \u00dcgyf\u00e9lport\u00e1l (\u00dcPO) \u00faj, V\u00e1llalkoz\u00f3i \u00dcgyseg\u00e9dje szolg\u00e1l majd a v\u00e1llalkoz\u00f3i bejelentkez\u00e9sre \u00e9s az adatv\u00e1ltoz\u00e1sok k\u00f6zl\u00e9s\u00e9re. A j\u00f6v\u0151 h\u00e9tt\u0151l indul- a v\u00e1llalkoz\u00f3i \u00e9rdekk\u00e9pviseleti szervek bevon\u00e1s\u00e1val \u2013 a teszt\u00fczem.<\/p><\/div>\r\n        <\/div>\r\n    <\/div>\r\n        <\/div>\r\n            <div class=\"col-md-6 col-xs-12 inline-col feed-item\">\r\n            <div class=\"clearfix\">\r\n        <div class=\"img\">\r\n            <a  href=\"https:\/\/kemkik.hu\/hirek\/egyeni-tanacsadasi-lehetoseg-penzugyi-tudatossag-es-hatekonysagnovelesi-temakban-a-kamaranal\" tabindex=\"-1\">\r\n                <img class=\"img-responsive img-center\" src=\"\/uploads\/feed_items\/small-ai-generated-19202-17689020394855.jpg\" alt=\"Egy\u00e9ni tan\u00e1csad\u00e1si lehet\u0151s\u00e9g p\u00e9nz\u00fcgyi tudatoss\u00e1g \u00e9s hat\u00e9konys\u00e1gn\u00f6vel\u00e9si t\u00e9m\u00e1kban a kamar\u00e1n\u00e1l\">\r\n            <\/a>\r\n        <\/div>\r\n        <div class=\"info\">\r\n            <div class=\"title\"><a  href=\"https:\/\/kemkik.hu\/hirek\/egyeni-tanacsadasi-lehetoseg-penzugyi-tudatossag-es-hatekonysagnovelesi-temakban-a-kamaranal\">Egy\u00e9ni tan\u00e1csad\u00e1si lehet\u0151s\u00e9g p\u00e9nz\u00fcgyi tudatoss\u00e1g \u00e9s hat\u00e9konys\u00e1gn\u00f6vel\u00e9si t\u00e9m\u00e1kban a kamar\u00e1n\u00e1l<\/a><\/div>\r\n                            <ul class=\"categories\">\r\n                                            <li><a style=\"background: rgba(67,110,12,0.93); color: #ffffff\" href=\"https:\/\/kemkik.hu\/hirek\/kamara\">Kamara<\/a><\/li>\r\n                                        <li><span class=\"public-at\">2026. janu\u00e1r 20.<\/span><\/li>\r\n                <\/ul>\r\n                        <div class=\"desc\"><p style=\"text-align:justify\">A Kamara ingyenes, egy\u00e9ni tan\u00e1csad\u00e1si lehet\u0151s\u00e9get biztos\u00edt a v\u00e1llalkoz\u00e1sok sz\u00e1m\u00e1ra&nbsp;p\u00e9nz\u00fcgyi tudatoss\u00e1g \u00e9s hat\u00e9konys\u00e1gn\u00f6vel\u00e9si t\u00e9m\u00e1kban.&nbsp;A Kamarai Akad\u00e9mia&nbsp;kor\u00e1bbi el\u0151ad\u00e1sainak szak\u00e9rt\u0151i&nbsp;szem\u00e9lyesen Tatab\u00e1ny\u00e1n,&nbsp;Esztergomban \u00e9s&nbsp;ak\u00e1r online&nbsp;is v\u00e1rj\u00e1k a v\u00e1llalkoz\u00f3kat, hogy&nbsp;k\u00f6tetlen form\u00e1ban tudjanak konzult\u00e1lni.&nbsp;<\/p><\/div>\r\n        <\/div>\r\n    <\/div>\r\n        <\/div>\r\n            <div class=\"col-md-6 col-xs-12 inline-col feed-item\">\r\n            <div class=\"clearfix\">\r\n        <div class=\"img\">\r\n            <a  href=\"https:\/\/kemkik.hu\/hirek\/2026-ben-is-palyazhato-a-tehetsegbarat-vallalat-dij\" tabindex=\"-1\">\r\n                <img class=\"img-responsive img-center\" src=\"\/uploads\/feed_items\/small-613077365544759-n-17683873333615.jpg\" alt=\"2026-ben is p\u00e1ly\u00e1zhat\u00f3 a Tehets\u00e9gbar\u00e1t V\u00e1llalat d\u00edj\">\r\n            <\/a>\r\n        <\/div>\r\n        <div class=\"info\">\r\n            <div class=\"title\"><a  href=\"https:\/\/kemkik.hu\/hirek\/2026-ben-is-palyazhato-a-tehetsegbarat-vallalat-dij\">2026-ben is p\u00e1ly\u00e1zhat\u00f3 a Tehets\u00e9gbar\u00e1t V\u00e1llalat d\u00edj<\/a><\/div>\r\n                            <ul class=\"categories\">\r\n                                            <li><a style=\"background: #8b3b0d; color: #ffffff\" href=\"https:\/\/kemkik.hu\/hirek\/palyazatok\">P\u00e1ly\u00e1zatok<\/a><\/li>\r\n                                        <li><span class=\"public-at\">2026. janu\u00e1r 14.<\/span><\/li>\r\n                <\/ul>\r\n                        <div class=\"desc\"><p style=\"text-align:justify\">Imm\u00e1r m\u00e1sodik \u00e9vben ker\u00fcl meghirdet\u00e9sre a \u201eTehets\u00e9gbar\u00e1t V\u00e1llalat\u201d d\u00edj, mely olyan c\u00e9geket m\u00e9ltat, amelyek tudatos programokkal j\u00e1rulnak hozz\u00e1 a tehets\u00e9gek felkutat\u00e1s\u00e1hoz \u00e9s kibontakoztat\u00e1s\u00e1hoz.<\/p><\/div>\r\n        <\/div>\r\n    <\/div>\r\n        <\/div>\r\n            <div class=\"col-md-6 col-xs-12 inline-col feed-item\">\r\n            <div class=\"clearfix\">\r\n        <div class=\"img\">\r\n            <a  href=\"https:\/\/kemkik.hu\/hirek\/kisvallalkozasok-ugyvezetoje-kepzes-az-edutus-egyetemen\" tabindex=\"-1\">\r\n                <img class=\"img-responsive img-center\" src=\"\/uploads\/feed_items\/small-6121440913101199-n-17677030277427.jpg\" alt=\"Kisv\u00e1llalkoz\u00e1sok \u00fcgyvezet\u0151je k\u00e9pz\u00e9s az EDUTUS Egyetemen\">\r\n            <\/a>\r\n        <\/div>\r\n        <div class=\"info\">\r\n            <div class=\"title\"><a  href=\"https:\/\/kemkik.hu\/hirek\/kisvallalkozasok-ugyvezetoje-kepzes-az-edutus-egyetemen\">Kisv\u00e1llalkoz\u00e1sok \u00fcgyvezet\u0151je k\u00e9pz\u00e9s az EDUTUS Egyetemen<\/a><\/div>\r\n                            <ul class=\"categories\">\r\n                                            <li><a style=\"background: #305f31; color: #ffffff\" href=\"https:\/\/kemkik.hu\/hirek\/kemkik-hirek\">KEMKIK h\u00edrek<\/a><\/li>\r\n                                        <li><span class=\"public-at\">2026. janu\u00e1r 06.<\/span><\/li>\r\n                <\/ul>\r\n                        <div class=\"desc\"><p style=\"text-align:justify\">Az <strong>EDUTUS Egyetem&nbsp;<\/strong>\u00e9s a <strong>KKVH\u00c1Z<\/strong> k\u00f6z\u00f6s k\u00e9pz\u00e9se kifejezetten a kisv\u00e1llalatok els\u0151 sz\u00e1m\u00fa vezet\u0151i sz\u00e1m\u00e1ra k\u00e9sz\u00fclt. Egy olyan programot k\u00edn\u00e1lnak, amely nem tank\u00f6nyvi megold\u00e1sokat sorol, hanem val\u00f3di, a mindennapokban azonnal alkalmazhat\u00f3 szeml\u00e9letet \u00e9s t\u00e1mogat\u00e1st ad.<\/p><\/div>\r\n        <\/div>\r\n    <\/div>\r\n        <\/div>\r\n            <div class=\"col-md-6 col-xs-12 inline-col feed-item\">\r\n            <div class=\"clearfix\">\r\n        <div class=\"img\">\r\n            <a  href=\"https:\/\/kemkik.hu\/hirek\/ujra-elindult-a-minden-vallalkozasnak-legyen-sajat-honlapja-palyazat\" tabindex=\"-1\">\r\n                <img class=\"img-responsive img-center\" src=\"\/uploads\/feed_items\/small-ntp-mindenkinekhonlap-header-fooldalra-17676171538898.jpg\" alt=\"\u00dajra elindult a \u201eMinden v\u00e1llalkoz\u00e1snak legyen saj\u00e1t honlapja\u201d p\u00e1ly\u00e1zat\">\r\n            <\/a>\r\n        <\/div>\r\n        <div class=\"info\">\r\n            <div class=\"title\"><a  href=\"https:\/\/kemkik.hu\/hirek\/ujra-elindult-a-minden-vallalkozasnak-legyen-sajat-honlapja-palyazat\">\u00dajra elindult a \u201eMinden v\u00e1llalkoz\u00e1snak legyen saj\u00e1t honlapja\u201d p\u00e1ly\u00e1zat<\/a><\/div>\r\n                        <div class=\"desc\"><p style=\"text-align:justify\">A Korm\u00e1ny a nagy siker \u00e9s \u00e9rdekl\u0151d\u00e9sre val\u00f3 tekintettel, \u00fajra el\u00e9rhet\u0151v\u00e9 teszi a \u201eMinden v\u00e1llalkoz\u00e1snak legyen saj\u00e1t honlapja\u201d p\u00e1ly\u00e1zatot a Demj\u00e1n S\u00e1ndor Program keretein bel\u00fcl, amely a kor\u00e1bbin\u00e1l is sz\u00e9lesebb k\u00f6r\u0171, mesters\u00e9ges intelligenci\u00e1ra \u00e9p\u00fcl\u0151 megold\u00e1sokkal kieg\u00e9sz\u00edtve t\u00e1mogatja a hazai mikro- \u00e9s kisv\u00e1llalkoz\u00e1sok digit\u00e1lis fejleszt\u00e9seit.<\/p><\/div>\r\n        <\/div>\r\n    <\/div>\r\n        <\/div>\r\n    <\/div>\r\n\r\n<ul class=\"pagination text-center\">\r\n                    <li class=\"left\"><a aria-label=\"El\u0151z\u0151\" href=\"https:\/\/kemkik.hu\/api\/feeds\/page?page=5\" rel=\"nofollow\"><i aria-hidden=\"true\" class=\"icon icon-arrow-flat-left\"><\/i><\/a><\/li>\r\n        \r\n                    \r\n                                                                        <li><a href=\"https:\/\/kemkik.hu\/api\/feeds\/page?page=1\" rel=\"nofollow\" aria-label=\"1. oldal bet\u00f6lt\u00e9se\">01<\/a><\/li>\r\n                                                                                <li><a href=\"https:\/\/kemkik.hu\/api\/feeds\/page?page=2\" rel=\"nofollow\" aria-label=\"2. oldal bet\u00f6lt\u00e9se\">02<\/a><\/li>\r\n                                                                                <li><a href=\"https:\/\/kemkik.hu\/api\/feeds\/page?page=3\" rel=\"nofollow\" aria-label=\"3. oldal bet\u00f6lt\u00e9se\">03<\/a><\/li>\r\n                                                                                <li><a href=\"https:\/\/kemkik.hu\/api\/feeds\/page?page=4\" rel=\"nofollow\" aria-label=\"4. oldal bet\u00f6lt\u00e9se\">04<\/a><\/li>\r\n                                                                                <li><a href=\"https:\/\/kemkik.hu\/api\/feeds\/page?page=5\" rel=\"nofollow\" aria-label=\"5. oldal bet\u00f6lt\u00e9se\">05<\/a><\/li>\r\n                                                                                <li class=\"active\" aria-label=\"6. oldal bet\u00f6lt\u00e9se\"><span>06<\/span><\/li>\r\n                                                                                <li><a href=\"https:\/\/kemkik.hu\/api\/feeds\/page?page=7\" rel=\"nofollow\" aria-label=\"7. oldal bet\u00f6lt\u00e9se\">07<\/a><\/li>\r\n                                                                                <li><a href=\"https:\/\/kemkik.hu\/api\/feeds\/page?page=8\" rel=\"nofollow\" aria-label=\"8. oldal bet\u00f6lt\u00e9se\">08<\/a><\/li>\r\n                                                                                    <li class=\"disabled\"><span>...<\/span><\/li>\r\n            \r\n                                \r\n                                                                        <li><a href=\"https:\/\/kemkik.hu\/api\/feeds\/page?page=94\" rel=\"nofollow\" aria-label=\"94. oldal bet\u00f6lt\u00e9se\">94<\/a><\/li>\r\n                                                                                <li><a href=\"https:\/\/kemkik.hu\/api\/feeds\/page?page=95\" rel=\"nofollow\" aria-label=\"95. oldal bet\u00f6lt\u00e9se\">95<\/a><\/li>\r\n                                                        \r\n                    <li class=\"right\"><a aria-label=\"K\u00f6vetkez\u0151\" href=\"https:\/\/kemkik.hu\/api\/feeds\/page?page=7\" rel=\"nofollow\"><i aria-hidden=\"true\" class=\"icon icon-arrow-flat-right\"><\/i><\/a><\/li>\r\n            <\/ul>\r\n\r\n","page":"6"}